{"id":4575,"date":"2023-11-04T20:00:15","date_gmt":"2023-11-04T19:00:15","guid":{"rendered":"https:\/\/i-rs.pl\/?p=4575"},"modified":"2023-11-04T20:00:15","modified_gmt":"2023-11-04T19:00:15","slug":"kancelaria-na-branzowych-wydarzeniach","status":"publish","type":"post","link":"https:\/\/i-rs.pl\/en\/kancelaria-na-branzowych-wydarzeniach\/","title":{"rendered":"KANCELARIA NA BRAN\u017bOWYCH WYDARZENIACH"},"content":{"rendered":"<p>&nbsp;<\/p>\n<p>&nbsp;<\/p>\n<p>Ostatnie miesi\u0105ce 2023 roku, obfituj\u0105 w wiele spotka\u0144 i bran\u017cowych event\u00f3w na kt\u00f3re ju\u017c teraz zapraszamy. W listopadzie przedstawiciele\u00a0<a href=\"https:\/\/www.linkedin.com\/company\/kancelariars\/\" data-attribute-index=\"0\" data-entity-type=\"MINI_COMPANY\">KANCELARIA RADC\u00d3W PRAWNYCH RYSZEWSKI SZUBIERAJSKI SP.K.<\/a>\u00a0b\u0119d\u0105 obecni na czterech wydarzeniach w Warszawie.<\/p>\n<p>Jak wygl\u0105da nasz \u201eeventowy\u201d kalendarz?<\/p>\n<p>\ud83d\udfe2 Ju\u017c w czwartek 9 listopada widzimy si\u0119 na Lending Talks Hub, pierwszej edycji konferencji organizowanej przez ekspert\u00f3w i praktyk\u00f3w rynku dla biznesu consumer finance.<\/p>\n<p>\ud83d\udd35 kilka dni p\u00f3\u017aniej, we wtorek 14 listopada b\u0119dziemy na kolejnym kongresie organizowanym przez\u00a0<a href=\"https:\/\/www.linkedin.com\/company\/zpf\/\" data-attribute-index=\"2\" data-entity-type=\"MINI_COMPANY\">the Association of Financial Enterprises in Poland<\/a>.\u00a0Organizowany od 2015 roku Kongres Po\u015brednictwa Finansowego to najwi\u0119ksze cykliczne wydarzenie dla sektora po\u015brednictwa finansowego w Polsce.<\/p>\n<p>\ud83d\udfe2 28 listopada to czas na spotkania i rozmowy na\u00a0Kongresie Consumer Finance organizowanym po raz 19. w ramach Projektu Europejskiego Kongresu Finansowego przez Centrum My\u015bli Strategicznych. Jak co roku, odb\u0119dzie si\u0119 w Sali Notowa\u0144 Gie\u0142dy Papier\u00f3w Warto\u015bciowych w Warszawie<\/p>\n<p>\ud83d\udd35\u00a0listopadowe wydarzenia ko\u0144czymy swoj\u0105 obecno\u015bci\u0105 na Kongresie Bankowo\u015bci Detalicznej kt\u00f3rego tegoroczna, 15 edycja\u00a0odb\u0119dzie si\u0119\u00a0w dniu 29 listopada\u00a0w Sali Notowa\u0144 Gie\u0142dy Papier\u00f3w Warto\u015bciowych w Warszawie.<\/p>\n<p>Ju\u017c teraz zapraszamy do spotka\u0144 i rozm\u00f3w z naszymi przedstawicielami &#8211; nie tylko w temacie naszej g\u0142\u00f3wnej specjalizacji.<\/p>\n<p>#<a href=\"http:\/\/fintek.pl\/\" target=\"_self\" data-attribute-index=\"4\" rel=\"noopener\">Fintek.pl<\/a>\u00a0<a href=\"https:\/\/www.linkedin.com\/feed\/hashtag\/?keywords=klang&amp;highlightedUpdateUrns=urn%3Ali%3Aactivity%3A7126641172558602241\" data-attribute-index=\"5\">#Klang<\/a>!\u00a0<a href=\"https:\/\/www.linkedin.com\/feed\/hashtag\/?keywords=finance&amp;highlightedUpdateUrns=urn%3Ali%3Aactivity%3A7126641172558602241\" data-attribute-index=\"6\">#finance<\/a>\u00a0<a href=\"https:\/\/www.linkedin.com\/feed\/hashtag\/?keywords=event&amp;highlightedUpdateUrns=urn%3Ali%3Aactivity%3A7126641172558602241\" data-attribute-index=\"7\">#event<\/a>\u00a0<a href=\"https:\/\/www.linkedin.com\/feed\/hashtag\/?keywords=fintech&amp;highlightedUpdateUrns=urn%3Ali%3Aactivity%3A7126641172558602241\" data-attribute-index=\"8\">#fintech<\/a>\u00a0<a href=\"https:\/\/www.linkedin.com\/feed\/hashtag\/?keywords=consumer&amp;highlightedUpdateUrns=urn%3Ali%3Aactivity%3A7126641172558602241\" data-attribute-index=\"9\">#consumer<\/a>\u00a0<a href=\"https:\/\/www.linkedin.com\/feed\/hashtag\/?keywords=event&amp;highlightedUpdateUrns=urn%3Ali%3Aactivity%3A7126641172558602241\" data-attribute-index=\"10\">#event<\/a>\u00a0<a href=\"https:\/\/www.linkedin.com\/feed\/hashtag\/?keywords=konferencja&amp;highlightedUpdateUrns=urn%3Ali%3Aactivity%3A7126641172558602241\" data-attribute-index=\"11\">#konferencja<\/a><br \/>\n<a href=\"https:\/\/www.linkedin.com\/feed\/hashtag\/?keywords=kbd2023&amp;highlightedUpdateUrns=urn%3Ali%3Aactivity%3A7126641172558602241\" data-attribute-index=\"12\">#KBD2023<\/a>\u00a0<a href=\"https:\/\/www.linkedin.com\/feed\/hashtag\/?keywords=kcf2023&amp;highlightedUpdateUrns=urn%3Ali%3Aactivity%3A7126641172558602241\" data-attribute-index=\"13\">#KCF2023<\/a><\/p>","protected":false},"excerpt":{"rendered":"<p>&nbsp; &nbsp; Ostatnie miesi\u0105ce 2023 roku, obfituj\u0105 w wiele spotka\u0144 i bran\u017cowych event\u00f3w na kt\u00f3re ju\u017c teraz zapraszamy. W listopadzie przedstawiciele\u00a0KANCELARIA RADC\u00d3W PRAWNYCH RYSZEWSKI SZUBIERAJSKI SP.K.\u00a0b\u0119d\u0105 obecni na czterech wydarzeniach w Warszawie. Jak wygl\u0105da nasz \u201eeventowy\u201d kalendarz? \ud83d\udfe2 Ju\u017c w czwartek 9 listopada widzimy si\u0119 na Lending Talks Hub, pierwszej edycji konferencji organizowanej przez ekspert\u00f3w [&hellip;]<\/p>\n","protected":false},"author":8,"featured_media":4295,"comment_status":"closed","ping_status":"closed","sticky":false,"template":"","format":"standard","meta":{"footnotes":""},"categories":[4],"tags":[],"class_list":["post-4575","post","type-post","status-publish","format-standard","has-post-thumbnail","hentry","category-aktualnosci","entry","has-media"],"aioseo_notices":[],"_links":{"self":[{"href":"https:\/\/i-rs.pl\/en\/wp-json\/wp\/v2\/posts\/4575","targetHints":{"allow":["GET"]}}],"collection":[{"href":"https:\/\/i-rs.pl\/en\/wp-json\/wp\/v2\/posts"}],"about":[{"href":"https:\/\/i-rs.pl\/en\/wp-json\/wp\/v2\/types\/post"}],"author":[{"embeddable":true,"href":"https:\/\/i-rs.pl\/en\/wp-json\/wp\/v2\/users\/8"}],"replies":[{"embeddable":true,"href":"https:\/\/i-rs.pl\/en\/wp-json\/wp\/v2\/comments?post=4575"}],"version-history":[{"count":1,"href":"https:\/\/i-rs.pl\/en\/wp-json\/wp\/v2\/posts\/4575\/revisions"}],"predecessor-version":[{"id":4576,"href":"https:\/\/i-rs.pl\/en\/wp-json\/wp\/v2\/posts\/4575\/revisions\/4576"}],"wp:featuredmedia":[{"embeddable":true,"href":"https:\/\/i-rs.pl\/en\/wp-json\/wp\/v2\/media\/4295"}],"wp:attachment":[{"href":"https:\/\/i-rs.pl\/en\/wp-json\/wp\/v2\/media?parent=4575"}],"wp:term":[{"taxonomy":"category","embeddable":true,"href":"https:\/\/i-rs.pl\/en\/wp-json\/wp\/v2\/categories?post=4575"},{"taxonomy":"post_tag","embeddable":true,"href":"https:\/\/i-rs.pl\/en\/wp-json\/wp\/v2\/tags?post=4575"}],"curies":[{"name":"wp","href":"https:\/\/api.w.org\/{rel}","templated":true}]}}