{"id":4431,"date":"2023-08-21T22:32:42","date_gmt":"2023-08-21T20:32:42","guid":{"rendered":"https:\/\/i-rs.pl\/?p=4431"},"modified":"2023-08-22T10:31:11","modified_gmt":"2023-08-22T08:31:11","slug":"kongres-zarzadzania-wierzytelnosciami-3","status":"publish","type":"post","link":"https:\/\/i-rs.pl\/en\/kongres-zarzadzania-wierzytelnosciami-3\/","title":{"rendered":"DEBT MANAGEMENT CONGRESS"},"content":{"rendered":"<p>&nbsp;<\/p>\n<p><span class=\"break-words\"><span dir=\"ltr\">\ud83d\udc49Niespe\u0142na miesi\u0105c dzieli nas od Kongresu Zarz\u0105dzania Wierzytelno\u015bciami organizowanego ju\u017c po raz czternasty przez <a href=\"https:\/\/www.linkedin.com\/company\/zpf\/\" data-attribute-index=\"0\" data-entity-type=\"MINI_COMPANY\">the Association of Financial Enterprises in Poland<\/a>. \u00a0To aktualnie najwi\u0119ksze cykliczne wydarzenie bran\u017cowe, kt\u00f3re jest miejscem spotkania oraz otwartej dyskusji na najbardziej aktualne kwestie dotycz\u0105ce stanu i perspektyw sektora zarz\u0105dzania wierzytelno\u015bciami.<\/span><\/span><\/p>\n<p>\ud83d\udc49W tym roku <a href=\"https:\/\/www.linkedin.com\/company\/kancelariars\/\" data-attribute-index=\"2\" data-entity-type=\"MINI_COMPANY\">KANCELARIA RADC\u00d3W PRAWNYCH RYSZEWSKI SZUBIERAJSKI SP.K.<\/a> ponownie zosta\u0142a Partnerem G\u0142\u00f3wnym wydarzenia, Partner Zarz\u0105dzaj\u0105cy Kancelarii radca prawny <a href=\"https:\/\/www.linkedin.com\/in\/ACoAABobtiEBXUpcRJrOCXoF5j_xjMS3GgloYoc\" data-attribute-index=\"4\" data-entity-type=\"MINI_PROFILE\">Micha\u0142 Ryszewski<\/a> zosta\u0142 zaproszony do Rady Programowej, ponadto we\u017amie udzia\u0142 w jednym z ciekawych paneli dyskusyjnych Kongresu.<\/p>\n<p>Szczeg\u00f3\u0142y dotycz\u0105ce Kongresu dost\u0119pne s\u0105 pod adresem: <a href=\"https:\/\/lnkd.in\/dvwPw_S9\" target=\"_self\" rel=\"noopener\" data-attribute-index=\"6\">https:\/\/lnkd.in\/dvwPw_S9<\/a><\/p>\n<p>Zapraszamy i do zobaczenia w dniach 14-15 wrze\u015bnia 2023 w hotelu The Bridge we Wroc\u0142awiu.<br \/>\n<a href=\"https:\/\/www.linkedin.com\/feed\/hashtag\/?keywords=kongreszarz%C4%85dzaniawierzytelno%C5%9Bciami&amp;highlightedUpdateUrns=urn%3Ali%3Aactivity%3A7099391149894754304\" data-attribute-index=\"7\">#kongreszarz\u0105dzaniawierzytelno\u015bciami<\/a><\/p>\n<p>&nbsp;<\/p>","protected":false},"excerpt":{"rendered":"<p>&nbsp; \ud83d\udc49Niespe\u0142na miesi\u0105c dzieli nas od Kongresu Zarz\u0105dzania Wierzytelno\u015bciami organizowanego ju\u017c po raz czternasty przez Zwi\u0105zek Przedsi\u0119biorstw Finansowych w Polsce. \u00a0To aktualnie najwi\u0119ksze cykliczne wydarzenie bran\u017cowe, kt\u00f3re jest miejscem spotkania oraz otwartej dyskusji na najbardziej aktualne kwestie dotycz\u0105ce stanu i perspektyw sektora zarz\u0105dzania wierzytelno\u015bciami. \ud83d\udc49W tym roku KANCELARIA RADC\u00d3W PRAWNYCH RYSZEWSKI SZUBIERAJSKI SP.K. ponownie zosta\u0142a [&hellip;]<\/p>\n","protected":false},"author":8,"featured_media":4435,"comment_status":"closed","ping_status":"closed","sticky":false,"template":"","format":"standard","meta":{"footnotes":""},"categories":[4],"tags":[],"class_list":["post-4431","post","type-post","status-publish","format-standard","has-post-thumbnail","hentry","category-aktualnosci","entry","has-media"],"aioseo_notices":[],"_links":{"self":[{"href":"https:\/\/i-rs.pl\/en\/wp-json\/wp\/v2\/posts\/4431","targetHints":{"allow":["GET"]}}],"collection":[{"href":"https:\/\/i-rs.pl\/en\/wp-json\/wp\/v2\/posts"}],"about":[{"href":"https:\/\/i-rs.pl\/en\/wp-json\/wp\/v2\/types\/post"}],"author":[{"embeddable":true,"href":"https:\/\/i-rs.pl\/en\/wp-json\/wp\/v2\/users\/8"}],"replies":[{"embeddable":true,"href":"https:\/\/i-rs.pl\/en\/wp-json\/wp\/v2\/comments?post=4431"}],"version-history":[{"count":2,"href":"https:\/\/i-rs.pl\/en\/wp-json\/wp\/v2\/posts\/4431\/revisions"}],"predecessor-version":[{"id":4434,"href":"https:\/\/i-rs.pl\/en\/wp-json\/wp\/v2\/posts\/4431\/revisions\/4434"}],"wp:featuredmedia":[{"embeddable":true,"href":"https:\/\/i-rs.pl\/en\/wp-json\/wp\/v2\/media\/4435"}],"wp:attachment":[{"href":"https:\/\/i-rs.pl\/en\/wp-json\/wp\/v2\/media?parent=4431"}],"wp:term":[{"taxonomy":"category","embeddable":true,"href":"https:\/\/i-rs.pl\/en\/wp-json\/wp\/v2\/categories?post=4431"},{"taxonomy":"post_tag","embeddable":true,"href":"https:\/\/i-rs.pl\/en\/wp-json\/wp\/v2\/tags?post=4431"}],"curies":[{"name":"wp","href":"https:\/\/api.w.org\/{rel}","templated":true}]}}