{"id":3249,"date":"2020-09-04T00:00:00","date_gmt":"2020-09-03T22:00:00","guid":{"rendered":"https:\/\/i-rs.pl\/webinarium-nowa-struktura-jpk-vat-rejestracja\/"},"modified":"2020-09-04T00:00:00","modified_gmt":"2020-09-03T22:00:00","slug":"webinarium-nowa-struktura-jpk-vat-rejestracja","status":"publish","type":"post","link":"https:\/\/i-rs.pl\/en\/webinarium-nowa-struktura-jpk-vat-rejestracja\/","title":{"rendered":"WEBINARIUM: NOWA STRUKTURA JPK VAT, REJESTRACJA"},"content":{"rendered":"<p><span class=\"break-words\"><span dir=\"ltr\">W ramach projektu <a href=\"https:\/\/www.linkedin.com\/feed\/hashtag\/?keywords=webinariakancelarii&amp;highlightedUpdateUrns=urn%3Ali%3Aactivity%3A6707530167704711168\" data-attribute-index=\"0\">#OFFICEWEBINAR<\/a> zapraszamy na kolejne webinarium organizowane przez Kancelari\u0119, kt\u00f3re dob\u0119dzie si\u0119 16 wrze\u015bnia o godzinie 11:00.<br \/>\nDoradca podatkowy Tomasz Burchard om\u00f3wi nowe regulacje kt\u00f3re b\u0119d\u0105 mia\u0142y zastosowanie od 1 pa\u017adziernika 2020.<br \/>\nZapraszamy do rejestracji na wydarzenie.<br \/>\nLink rejestracyjny &#x2935;&#xfe0f;<br \/>\n<a href=\"https:\/\/tiny.pl\/7jx3l\" data-attribute-index=\"1\">https:\/\/tiny.pl\/7jx3l<\/a><\/span><\/span><\/p>","protected":false},"excerpt":{"rendered":"<p>W ramach projektu #webinariakancelarii zapraszamy na kolejne webinarium organizowane przez Kancelari\u0119, kt\u00f3re dob\u0119dzie si\u0119 16 wrze\u015bnia o godzinie 11:00. Doradca podatkowy Tomasz Burchard om\u00f3wi nowe regulacje kt\u00f3re b\u0119d\u0105 mia\u0142y zastosowanie od 1 pa\u017adziernika 2020. Zapraszamy do rejestracji na wydarzenie. Link rejestracyjny &#x2935;&#xfe0f; https:\/\/tiny.pl\/7jx3l<\/p>","protected":false},"author":2,"featured_media":3250,"comment_status":"open","ping_status":"open","sticky":false,"template":"","format":"standard","meta":{"footnotes":""},"categories":[32],"tags":[],"class_list":["post-3249","post","type-post","status-publish","format-standard","has-post-thumbnail","hentry","category-ogolne","entry","has-media"],"aioseo_notices":[],"_links":{"self":[{"href":"https:\/\/i-rs.pl\/en\/wp-json\/wp\/v2\/posts\/3249","targetHints":{"allow":["GET"]}}],"collection":[{"href":"https:\/\/i-rs.pl\/en\/wp-json\/wp\/v2\/posts"}],"about":[{"href":"https:\/\/i-rs.pl\/en\/wp-json\/wp\/v2\/types\/post"}],"author":[{"embeddable":true,"href":"https:\/\/i-rs.pl\/en\/wp-json\/wp\/v2\/users\/2"}],"replies":[{"embeddable":true,"href":"https:\/\/i-rs.pl\/en\/wp-json\/wp\/v2\/comments?post=3249"}],"version-history":[{"count":0,"href":"https:\/\/i-rs.pl\/en\/wp-json\/wp\/v2\/posts\/3249\/revisions"}],"wp:featuredmedia":[{"embeddable":true,"href":"https:\/\/i-rs.pl\/en\/wp-json\/wp\/v2\/media\/3250"}],"wp:attachment":[{"href":"https:\/\/i-rs.pl\/en\/wp-json\/wp\/v2\/media?parent=3249"}],"wp:term":[{"taxonomy":"category","embeddable":true,"href":"https:\/\/i-rs.pl\/en\/wp-json\/wp\/v2\/categories?post=3249"},{"taxonomy":"post_tag","embeddable":true,"href":"https:\/\/i-rs.pl\/en\/wp-json\/wp\/v2\/tags?post=3249"}],"curies":[{"name":"wp","href":"https:\/\/api.w.org\/{rel}","templated":true}]}}