{"id":3221,"date":"2020-06-21T00:00:00","date_gmt":"2020-06-20T22:00:00","guid":{"rendered":"https:\/\/i-rs.pl\/od-lipca-nowe-stawki-vat\/"},"modified":"2020-06-21T00:00:00","modified_gmt":"2020-06-20T22:00:00","slug":"od-lipca-nowe-stawki-vat","status":"publish","type":"post","link":"https:\/\/i-rs.pl\/en\/od-lipca-nowe-stawki-vat\/","title":{"rendered":"OD LIPCA NOWE STAWKI VAT"},"content":{"rendered":"<p><strong>Nowe stawki VAT od 1 lipca 2020 r.<\/strong><\/p>\n<p><strong>Zmiana dotycz\u0105ca nowych stawek VAT zosta\u0142a przesuni\u0119ta w zwi\u0105zku z epidemi\u0105 koronawirusa. Nowa matryca stawek VAT wejdzie w \u017cycie 1 lipca 2020 r. a nie, jak pierwotnie uchwalono \u2013 1 kwietnia. Ustawa z 9 sierpnia 2019 r. o zmianie ustawy o podatku od towar\u00f3w i us\u0142ug oraz niekt\u00f3rych innych ustaw (Dz.U. z 2019 r. poz. 1751) okre\u015bla nowy zakres stosowania obni\u017conych stawek VAT w wysoko\u015bci 8% i 5%.<\/strong><\/p>\n<p><strong>Nowa matryca stawek VAT wprowadzi\u0142a odmienny\u00a0 sposobu klasyfikacji towar\u00f3w i us\u0142ug &#8211; na potrzeby opodatkowania podatkiem od towar\u00f3w i us\u0142ug. Ponadto poza wprowadzeniem nowej matrycy stawek VAT przedsi\u0119biorcy uzyskali mo\u017cliwo\u015b\u0107 wnioskowania o wydanie wi\u0105\u017c\u0105cej informacji stawkowej (WIS). <\/strong><\/p>\n<p><strong>\u00a0<\/strong><\/p>\n<p><strong>Kancelaria Radc\u00f3w Prawnych Ryszewski Szubierajski Sp.k. przygotowuje szkolenie w formie webinarium.\u00a0 Szkolenie ma przybli\u017cy\u0107, jak te zmiany wp\u0142yn\u0105 na dzia\u0142alno\u015b\u0107 przedsi\u0119biorstw. Dzi\u0119ki szkoleniu dowiemy si\u0119 jak nowa kwalifikacja wp\u0142ynie na opodatkowanie towar\u00f3w i us\u0142ug.<\/strong><\/p>\n<p><strong>Szkolenie b\u0119dzie praktycznym przewodnikiem po nowych regulacjach, kt\u00f3re b\u0119d\u0105 obowi\u0105zywa\u0107 od 1 lipca 2020 r.<\/strong><\/p>\n<p><strong>Ju\u017c teraz sygnalizujemy to wydarzenie kt\u00f3re zaplanowane jest na pi\u0105tek 10 lipca 2020. Szczeg\u00f3\u0142y \u2013 w tym formularz rejestracyjny \u00a0&#8211; opublikujemy wkr\u00f3tce, zach\u0119camy do odwiedzin naszej strony. <\/strong><\/p>\n<p><strong>\u00a0<\/strong><\/p>\n<p><strong><a href=\"https:\/\/i-rs.pl\/en\/\">www.i-rs.pl<\/a><\/strong><\/p>\n<p><strong>\u00a0<\/strong><\/p>","protected":false},"excerpt":{"rendered":"<p>Nowe stawki VAT od 1 lipca 2020 r. Zmiana dotycz\u0105ca nowych stawek VAT zosta\u0142a przesuni\u0119ta w zwi\u0105zku z epidemi\u0105 koronawirusa. Nowa matryca stawek VAT wejdzie w \u017cycie 1 lipca 2020 r. a nie, jak pierwotnie uchwalono \u2013 1 kwietnia. Ustawa z 9 sierpnia 2019 r. o zmianie ustawy o podatku od towar\u00f3w i us\u0142ug oraz [&hellip;]<\/p>\n","protected":false},"author":2,"featured_media":3222,"comment_status":"open","ping_status":"open","sticky":false,"template":"","format":"standard","meta":{"footnotes":""},"categories":[32],"tags":[],"class_list":["post-3221","post","type-post","status-publish","format-standard","has-post-thumbnail","hentry","category-ogolne","entry","has-media"],"aioseo_notices":[],"_links":{"self":[{"href":"https:\/\/i-rs.pl\/en\/wp-json\/wp\/v2\/posts\/3221","targetHints":{"allow":["GET"]}}],"collection":[{"href":"https:\/\/i-rs.pl\/en\/wp-json\/wp\/v2\/posts"}],"about":[{"href":"https:\/\/i-rs.pl\/en\/wp-json\/wp\/v2\/types\/post"}],"author":[{"embeddable":true,"href":"https:\/\/i-rs.pl\/en\/wp-json\/wp\/v2\/users\/2"}],"replies":[{"embeddable":true,"href":"https:\/\/i-rs.pl\/en\/wp-json\/wp\/v2\/comments?post=3221"}],"version-history":[{"count":0,"href":"https:\/\/i-rs.pl\/en\/wp-json\/wp\/v2\/posts\/3221\/revisions"}],"wp:featuredmedia":[{"embeddable":true,"href":"https:\/\/i-rs.pl\/en\/wp-json\/wp\/v2\/media\/3222"}],"wp:attachment":[{"href":"https:\/\/i-rs.pl\/en\/wp-json\/wp\/v2\/media?parent=3221"}],"wp:term":[{"taxonomy":"category","embeddable":true,"href":"https:\/\/i-rs.pl\/en\/wp-json\/wp\/v2\/categories?post=3221"},{"taxonomy":"post_tag","embeddable":true,"href":"https:\/\/i-rs.pl\/en\/wp-json\/wp\/v2\/tags?post=3221"}],"curies":[{"name":"wp","href":"https:\/\/api.w.org\/{rel}","templated":true}]}}