{"id":3213,"date":"2020-05-26T00:00:00","date_gmt":"2020-05-25T22:00:00","guid":{"rendered":"https:\/\/i-rs.pl\/2-lata-rodo\/"},"modified":"2020-05-26T00:00:00","modified_gmt":"2020-05-25T22:00:00","slug":"2-lata-rodo","status":"publish","type":"post","link":"https:\/\/i-rs.pl\/en\/2-lata-rodo\/","title":{"rendered":"2 lata RODO"},"content":{"rendered":"<p><strong>Dwa lata \u201epo\u201d, czyli\u00a0 dwa lata\u00a0 RODO w bankowo\u015bci i ubezpieczeniach<\/strong><\/p>\n<p>&nbsp;<\/p>\n<p>&nbsp;<\/p>\n<p>Dok\u0142adnie dwa lata temu zacz\u0119\u0142y obowi\u0105zywa\u0107 przepisy RODO. Akt, kt\u00f3remu nadano rang\u0119 rozporz\u0105dzenia unijnego, u wielu wzbudzi\u0142 mieszane uczucia i sporo obaw.<\/p>\n<p>&nbsp;<\/p>\n<p>Podobne emocje wywo\u0142a\u0142o pierwsze wprowadzenie ustawy o ochronie danych osobowych. Przypomnijmy \u2013 rok 1997. Dla wielu bankowc\u00f3w szczeg\u00f3lnie zajmuj\u0105cych si\u0119 ocen\u0105 zdolno\u015bci kredytowej wprowadzenie ustawy o ochronie danych osobowych spowodowa\u0142o znaczne utrudnienie na etapie weryfikacji wniosk\u00f3w. Do tej pory np. weryfikacja zatrudnienia, weryfikacja zobowi\u0105za\u0144 wnioskodawcy w bankach ( BIK dopiero powstawa\u0142 \u2013 ten sam 1997 rok ) by\u0142a stosunkowo \u0142atwa do przeprowadzenia telefonicznego. Od czasu wej\u015bcia w \u017cycie ustawy, sta\u0142o si\u0119 to de facto niemo\u017cliwe. Znacznie wyd\u0142u\u017cony zosta\u0142 \u00a0proces udzielenia kredytu.<\/p>\n<p>&nbsp;<\/p>\n<p>Problem pot\u0119gowa\u0142 fakt, \u017ce w\u00f3wczas przepisy ustawy o ochronie danych osobowych by\u0142y zupe\u0142n\u0105 nowo\u015bci\u0105, czym\u015b czego do tej pory nie by\u0142o a rozporz\u0105dzenia wykonawcze do ustawy nie do ko\u0144ca precyzyjnie wyja\u015bnia\u0142y tryb postepowania. Dodaj\u0105c do tego niejednoznaczne interpretacje prawnicze, mo\u017cna u\u017cy\u0107 stwierdzenia: \u0142atwo nie by\u0142o. Z podobn\u0105 sytuacj\u0105 mieli\u015bmy tak\u017ce do czynienia mi\u0119dzy innymi w obszarze ubezpiecze\u0144.<\/p>\n<p>Zar\u00f3wno w bankowo\u015bci jak i w ubezpieczeniach\u00a0 przetwarzanie danych to istota biznesu. Od 1997\u00a0 regulowa\u0142y je przepisy krajowe, kt\u00f3re podlega\u0142y istotnym bie\u017c\u0105cym zmianom w zale\u017cno\u015bci od pojawiaj\u0105cych si\u0119 sukcesywnie zmian prawnych, gospodarczych czy rynkowych. Przetwarzanie danych szczeg\u00f3lnie w tych dw\u00f3ch obszarach odbywa si\u0119 i zawsze odbywa\u0142o si\u0119 z olbrzymi\u0105 staranno\u015bci\u0105. Na przestrzeni lat \u2013 szczeg\u00f3lnie w obszarach bankowo\u015bci i ubezpiecze\u0144 &#8211; wypracowane zosta\u0142y zasady i procedury odpowiadaj\u0105ce najwy\u017cszym standardom.<\/p>\n<p>Wprowadzenie RODO i szeroka spo\u0142ecznie dyskusja\u00a0 spowodowa\u0142y, \u017ce wzros\u0142a \u015bwiadomo\u015b\u0107\u00a0 w zakresie ochrony danych osobowych i niemal\u017ce ewolucyjne podej\u015bcie do tej kwestii. Jednoznacznie dookre\u015blone zosta\u0142y pomioty podlegaj\u0105ce przepisom ochronnym , co wcze\u015bniej nie by\u0142o takie oczywiste i powodowa\u0142o szereg niesp\u00f3jnych interpretacji .<\/p>\n<p>Ostatnia sytuacja w jakiej si\u0119 znale\u017ali\u015bmy, czyli wybuch pandemii sprawi\u0142, \u017ce pojawi\u0142y si\u0119 zupe\u0142nie nowe w\u0105tki w ocenie ochrony danych osobowych, szczeg\u00f3lnie dotycz\u0105ce danych wra\u017cliwych . Warto dalej dzia\u0142a\u0107 \u2013 tym bardziej w zmienionych realiach &#8211; \u00a0na rzecz dalszej standaryzacji procedur ochrony danych a tak\u017ce na rzecz budowania dalszej i jeszcze wi\u0119kszej \u015bwiadomo\u015bci spo\u0142ecznej w tym zakresie.<\/p>\n<p>Takie ci\u0105g\u0142e dzia\u0142ania w omawianym zakresie prowadzone s\u0105 w Kancelarii Radc\u00f3w Prawnych Ryszewski Szubierajski Sp. k.\u00a0 kt\u00f3ra z racji profilu swojej dzia\u0142alno\u015bci dane osobowe przetwarza zar\u00f3wno jako administrator jak i podmiot kt\u00f3remu dane powierzono w okre\u015blonym celu.<\/p>","protected":false},"excerpt":{"rendered":"<p>Dwa lata \u201epo\u201d, czyli\u00a0 dwa lata\u00a0 RODO w bankowo\u015bci i ubezpieczeniach &nbsp; &nbsp; Dok\u0142adnie dwa lata temu zacz\u0119\u0142y obowi\u0105zywa\u0107 przepisy RODO. Akt, kt\u00f3remu nadano rang\u0119 rozporz\u0105dzenia unijnego, u wielu wzbudzi\u0142 mieszane uczucia i sporo obaw. &nbsp; Podobne emocje wywo\u0142a\u0142o pierwsze wprowadzenie ustawy o ochronie danych osobowych. Przypomnijmy \u2013 rok 1997. Dla wielu bankowc\u00f3w szczeg\u00f3lnie zajmuj\u0105cych [&hellip;]<\/p>\n","protected":false},"author":2,"featured_media":3214,"comment_status":"open","ping_status":"open","sticky":false,"template":"","format":"standard","meta":{"footnotes":""},"categories":[32],"tags":[],"class_list":["post-3213","post","type-post","status-publish","format-standard","has-post-thumbnail","hentry","category-ogolne","entry","has-media"],"aioseo_notices":[],"_links":{"self":[{"href":"https:\/\/i-rs.pl\/en\/wp-json\/wp\/v2\/posts\/3213","targetHints":{"allow":["GET"]}}],"collection":[{"href":"https:\/\/i-rs.pl\/en\/wp-json\/wp\/v2\/posts"}],"about":[{"href":"https:\/\/i-rs.pl\/en\/wp-json\/wp\/v2\/types\/post"}],"author":[{"embeddable":true,"href":"https:\/\/i-rs.pl\/en\/wp-json\/wp\/v2\/users\/2"}],"replies":[{"embeddable":true,"href":"https:\/\/i-rs.pl\/en\/wp-json\/wp\/v2\/comments?post=3213"}],"version-history":[{"count":0,"href":"https:\/\/i-rs.pl\/en\/wp-json\/wp\/v2\/posts\/3213\/revisions"}],"wp:featuredmedia":[{"embeddable":true,"href":"https:\/\/i-rs.pl\/en\/wp-json\/wp\/v2\/posts\/3214"}],"wp:attachment":[{"href":"https:\/\/i-rs.pl\/en\/wp-json\/wp\/v2\/media?parent=3213"}],"wp:term":[{"taxonomy":"category","embeddable":true,"href":"https:\/\/i-rs.pl\/en\/wp-json\/wp\/v2\/categories?post=3213"},{"taxonomy":"post_tag","embeddable":true,"href":"https:\/\/i-rs.pl\/en\/wp-json\/wp\/v2\/tags?post=3213"}],"curies":[{"name":"wp","href":"https:\/\/api.w.org\/{rel}","templated":true}]}}