{"id":3204,"date":"2020-04-29T00:00:00","date_gmt":"2020-04-28T22:00:00","guid":{"rendered":"https:\/\/i-rs.pl\/odmrozenie-sadow-projekt-tarczy-3-0\/"},"modified":"2020-04-29T00:00:00","modified_gmt":"2020-04-28T22:00:00","slug":"odmrozenie-sadow-projekt-tarczy-3-0","status":"publish","type":"post","link":"https:\/\/i-rs.pl\/en\/odmrozenie-sadow-projekt-tarczy-3-0\/","title":{"rendered":"\u201eODMRO\u017bENIE\u201d S\u0104D\u00d3W- projekt tarczy 3.0"},"content":{"rendered":"<p><strong>\u201eODMRO\u017bENIE\u201d S\u0104D\u00d3W- projekt tarczy 3.0<\/strong><\/p>\n<p><strong>28 KWIETNIA 2020<\/strong><\/p>\n<p>Projekt nowelizacji tarczy antykryzysowej, uchyla dotychczasowe przepisy o zawieszeniu termin\u00f3w s\u0105dowych i procesowych. Ponadto, ma zosta\u0107 rozszerzony katalog spraw pilnych \u2013 w tym \u00a0tych dotycz\u0105cych upad\u0142o\u015bci. Mo\u017cliwa ma by\u0107 tak\u017ce oczekiwana komunikacja z s\u0105dami przez ePUAP oraz e-rozprawy.<\/p>\n<p><strong><u>Od kiedy<\/u><\/strong><\/p>\n<p>Zgodnie z projektem, terminy s\u0105dowe i procesowe, kt\u00f3re nie bieg\u0142y na mocy dotychczasowych przepis\u00f3w tarczy antykryzysowej, rozpoczynaj\u0105 sw\u00f3j bieg od dnia 15 maja 2020 r., a zawieszone biegn\u0105 dalej.<\/p>\n<p><strong><u>Katalog spraw pilnych<\/u><\/strong><\/p>\n<p>W katalogu spraw pilnych dla kt\u00f3rych nie mia\u0142y zastosowania przepisy o zwieszeniu termin\u00f3w, maj\u0105 si\u0119 pojawi\u0107 dodatkowo sprawy dotycz\u0105ce warunkowego umorzenia post\u0119powania, zarz\u0105dzenia wykonania kary warunkowo zawieszonej oraz odwo\u0142ania warunkowego zwolnienia i sprawy o rozpoznanie wniosku restrukturyzacyjnego i sprawy prowadzone po otwarciu post\u0119powania restrukturyzacyjnego, og\u0142oszenie upad\u0142o\u015bci oraz sprawy prowadzone po og\u0142oszeniu upad\u0142o\u015bci.<\/p>\n<p><strong>\u00a0<\/strong><strong><u>Informatyzacja<\/u><\/strong><\/p>\n<p>Pojawi\u0142y si\u0119 te\u017c propozycje zmian do Prawa o ustroju s\u0105d\u00f3w powszechnych. Zgodnie z jedn\u0105 z nich minister sprawiedliwo\u015bci ma okre\u015bli\u0107 spos\u00f3b zaprojektowania i wdro\u017cenia systemu teleinformatycznego, kt\u00f3ry b\u0119dzie obs\u0142ugiwa\u0107 post\u0119powania s\u0105dowe. Kluczowym dla takiego funkcjonowania postepowa\u0144 s\u0105dowych s\u0105 kwestie mo\u017cliwo\u015bci technicznych i organizacyjnych s\u0105d\u00f3w a przede wszystkim poziom bezpiecze\u0144stwa.<\/p>\n<p>Tarcza ma r\u00f3wnie\u017c wprowadzi\u0107 mo\u017cliwo\u015b\u0107 prowadzenia rozpraw i posiedze\u0144 w trybie telekonferencji, w sytuacji gdy ich uczestnicy nie przebywaj\u0105 w budynku s\u0105du. Zmiany obejmuj\u0105 Kodeks post\u0119powania cywilnego i procedur\u0119 administracyjn\u0105.<\/p>\n<p>Wed\u0142ug nowych przepis\u00f3w, przewodnicz\u0105cy mo\u017ce te\u017c zarz\u0105dzi\u0107 przeprowadzenie posiedzenia niejawnego w trybie telekonferencyjnym, je\u017celi uzna rozpoznanie sprawy za konieczne, a przeprowadzenie wymaganych przez ustaw\u0119 rozprawy lub posiedzenia jawnego mog\u0142oby wywo\u0142a\u0107 nadmierne zagro\u017cenie zdrowia uczestnik\u00f3w posiedzenia.<\/p>\n<p><strong><u>Komunikacja<br \/>\n<\/u><\/strong><br \/>\nBardzo wyczekiwane przez \u015brodowisko prawnicze zmiany dotycz\u0105 te\u017c komunikacji z s\u0105dem. Zgodnie z obecn\u0105 propozycj\u0105 w okresie obowi\u0105zywania stanu zagro\u017cenia epidemicznego albo stanu epidemii og\u0142oszonego z powodu COVID-19, pismo b\u0119dzie mog\u0142o by\u0107 wnoszone do s\u0105du przy u\u017cyciu platformy ePUAP, a dat\u0105 jego wniesienia b\u0119dzie data okre\u015blona w urz\u0119dowym po\u015bwiadczeniu odbioru.<\/p>\n<p>Projektodawcy chc\u0105 by s\u0105d m\u00f3g\u0142 dokonywa\u0107 dor\u0119cze\u0144:<br \/>\n<strong><u>1.<\/u><\/strong> za po\u015brednictwem platformy ePUAP \u2013 uczestnikowi post\u0119powania s\u0105dowego, kt\u00f3ry wni\u00f3s\u0142 pismo za po\u015brednictwem tej platformy i wyrazi\u0142 zgod\u0119 na dor\u0119czanie pism w ten spos\u00f3b;<br \/>\n<strong><u>2.<\/u><\/strong> za po\u015brednictwem portalu informacyjnego s\u0105d\u00f3w powszechnych \u2013 uczestnikowi post\u0119powania s\u0105dowego, kt\u00f3ry wyrazi\u0142 zgod\u0119 na dor\u0119czanie pism w ten spos\u00f3b;<br \/>\n<strong><u>3.<\/u><\/strong> na adres poczty elektronicznej \u2013 uczestnikowi post\u0119powania s\u0105dowego, kt\u00f3ry wyst\u0105pi\u0142 do s\u0105du o dor\u0119czanie pism w ten spos\u00f3b i wskaza\u0142 w tym celu s\u0105dowi adres poczty elektronicznej.<\/p>\n<p>Adresat b\u0119dzie m\u00f3g\u0142 potwierdzi\u0107 odebranie pisma w terminie 14 dni od nadania, wnosz\u0105c takie potwierdzenie za po\u015brednictwem platformy ePUAP lub z adresu poczty elektronicznej wskazanego uprzednio s\u0105dowi. Z kolei za dzie\u0144 dor\u0119czenia pisma ma by\u0107 uznany dzie\u0144 wskazany w otrzymanym przez s\u0105d potwierdzeniu, a je\u015bli go nie b\u0119dzie dor\u0119czenie ma by\u0107 uznane si\u0119 za dokonane z up\u0142ywem czternastu dni od jego nadania lub zamieszczenia w portalu informacyjnym s\u0105d\u00f3w powszechnych.<\/p>","protected":false},"excerpt":{"rendered":"<p>\u201eODMRO\u017bENIE\u201d S\u0104D\u00d3W- projekt tarczy 3.0 28 KWIETNIA 2020 Projekt nowelizacji tarczy antykryzysowej, uchyla dotychczasowe przepisy o zawieszeniu termin\u00f3w s\u0105dowych i procesowych. Ponadto, ma zosta\u0107 rozszerzony katalog spraw pilnych \u2013 w tym \u00a0tych dotycz\u0105cych upad\u0142o\u015bci. Mo\u017cliwa ma by\u0107 tak\u017ce oczekiwana komunikacja z s\u0105dami przez ePUAP oraz e-rozprawy. Od kiedy Zgodnie z projektem, terminy s\u0105dowe i procesowe, [&hellip;]<\/p>\n","protected":false},"author":2,"featured_media":3205,"comment_status":"open","ping_status":"open","sticky":false,"template":"","format":"standard","meta":{"footnotes":""},"categories":[32],"tags":[],"class_list":["post-3204","post","type-post","status-publish","format-standard","has-post-thumbnail","hentry","category-ogolne","entry","has-media"],"aioseo_notices":[],"_links":{"self":[{"href":"https:\/\/i-rs.pl\/en\/wp-json\/wp\/v2\/posts\/3204","targetHints":{"allow":["GET"]}}],"collection":[{"href":"https:\/\/i-rs.pl\/en\/wp-json\/wp\/v2\/posts"}],"about":[{"href":"https:\/\/i-rs.pl\/en\/wp-json\/wp\/v2\/types\/post"}],"author":[{"embeddable":true,"href":"https:\/\/i-rs.pl\/en\/wp-json\/wp\/v2\/users\/2"}],"replies":[{"embeddable":true,"href":"https:\/\/i-rs.pl\/en\/wp-json\/wp\/v2\/comments?post=3204"}],"version-history":[{"count":0,"href":"https:\/\/i-rs.pl\/en\/wp-json\/wp\/v2\/posts\/3204\/revisions"}],"wp:featuredmedia":[{"embeddable":true,"href":"https:\/\/i-rs.pl\/en\/wp-json\/wp\/v2\/media\/3205"}],"wp:attachment":[{"href":"https:\/\/i-rs.pl\/en\/wp-json\/wp\/v2\/media?parent=3204"}],"wp:term":[{"taxonomy":"category","embeddable":true,"href":"https:\/\/i-rs.pl\/en\/wp-json\/wp\/v2\/categories?post=3204"},{"taxonomy":"post_tag","embeddable":true,"href":"https:\/\/i-rs.pl\/en\/wp-json\/wp\/v2\/tags?post=3204"}],"curies":[{"name":"wp","href":"https:\/\/api.w.org\/{rel}","templated":true}]}}